[{"@context":"https:\/\/schema.org\/","@type":"Article","@id":"https:\/\/www.sezob.cz\/doprejte-si-relax-v-beskydech\/#Article","mainEntityOfPage":"https:\/\/www.sezob.cz\/doprejte-si-relax-v-beskydech\/","headline":"Dop\u0159ejte si relax v Beskydech","name":"Dop\u0159ejte si relax v Beskydech","description":"Pokud by si m\u011blo mnoho lid\u00ed n\u011bco dop\u0159\u00e1t a to proto, \u017ee jim to jen prosp\u011bje, je to relax v Beskydech. Pokud jste u\u017e dlouho nikde nebyli, m\u011bli byste si ud\u011blat \u010das sami na sebe a n\u011bkam si zajet dop\u0159\u00e1t si chv\u00edli klidu. Jestli\u017ee se n\u011bco nab\u00edz\u00ed, je to penzion v Beskydech, kde si m\u016f\u017eete &hellip;<p class=\"read-more\"> <a class=\"\" href=\"https:\/\/www.sezob.cz\/doprejte-si-relax-v-beskydech\/\"> <span class=\"screen-reader-text\">Dop\u0159ejte si relax v Beskydech<\/span> Read More &raquo;<\/a><\/p>","datePublished":"2025-02-14","dateModified":"2025-02-14","author":{"@type":"Person","@id":"https:\/\/www.sezob.cz\/author\/#Person","name":"","url":"https:\/\/www.sezob.cz\/author\/","identifier":1,"image":{"@type":"ImageObject","@id":"https:\/\/secure.gravatar.com\/avatar\/69bd9b72104e3ccfb6214cbd23cb226f96c6ecf33a2a351fa1d4682235118df3?s=96&d=mm&r=g","url":"https:\/\/secure.gravatar.com\/avatar\/69bd9b72104e3ccfb6214cbd23cb226f96c6ecf33a2a351fa1d4682235118df3?s=96&d=mm&r=g","height":96,"width":96}},"publisher":{"@type":"Organization","name":"sezob.cz","logo":{"@type":"ImageObject","@id":"\/logo.png","url":"\/logo.png","width":600,"height":60}},"image":{"@type":"ImageObject","@id":"https:\/\/www.sezob.cz\/wp-content\/uploads\/nature-6617930_640_8.jpg","url":"https:\/\/www.sezob.cz\/wp-content\/uploads\/nature-6617930_640_8.jpg","height":0,"width":0},"url":"https:\/\/www.sezob.cz\/doprejte-si-relax-v-beskydech\/","about":["Slu\u017eby"],"wordCount":468,"articleBody":"        Pokud by si m\u011blo mnoho lid\u00ed n\u011bco dop\u0159\u00e1t a to proto, \u017ee jim to jen prosp\u011bje, je to relax v Beskydech. Pokud jste u\u017e dlouho nikde nebyli, m\u011bli byste si ud\u011blat \u010das sami na sebe a n\u011bkam si zajet dop\u0159\u00e1t si chv\u00edli klidu. Jestli\u017ee se n\u011bco nab\u00edz\u00ed, je to penzion v Beskydech, kde si m\u016f\u017eete odpo\u010dinout a na chv\u00edli p\u0159estat ur\u010dit\u00e9 v\u011bci \u0159e\u0161it. Snad ka\u017ed\u00fd z n\u00e1s se pot\u00fdk\u00e1 s r\u016fzn\u00fdmi probl\u00e9my a to zejm\u00e9na, co se t\u00fdk\u00e1 pracovn\u00ed str\u00e1nky. Jednou za \u010das by si \u010dlov\u011bk m\u011bl skute\u010dn\u011b odpo\u010dinout a myslet tak\u00e9 na n\u011bco jin\u00e9ho, proto\u017ee by se klidn\u011b mohlo st\u00e1t, \u017ee se z toho brzy zbl\u00e1zn\u00edte. Penzion v Beskydech je n\u011b\u010d\u00edm, co byste rozhodn\u011b m\u011bli nav\u0161t\u00edvit. Penzion\u016f v Beskydech je cel\u00e1 \u0159ada, tak\u017ee se v\u00e1m ur\u010dit\u011b poda\u0159\u00ed naj\u00edt n\u011bco, co by v\u00e1m vyhovovalo. Nebojte se vybrat si p\u0159esn\u011b takov\u00fd penzion, ze kter\u00e9ho budete nad\u0161eni. Je jasn\u00e9, \u017ee naj\u00edt n\u011bco, co by \u010dlov\u011bku vyhovovalo, nen\u00ed jednoduch\u00e9. V\u0161e ale m\u016f\u017ee dob\u0159e dopadnout a to natolik, \u017ee se budete r\u00e1di do dan\u00e9ho penzionu vracet. Snad ka\u017ed\u00e9 ubytovac\u00ed za\u0159\u00edzen\u00ed se sna\u017e\u00ed lidem nab\u00eddnout maximum, a to pr\u00e1v\u011b z toho d\u016fvodu, aby se \u010dlov\u011bk r\u00e1d vracel. Lid\u00e9 na sebe p\u0159\u00edli\u0161 nemysl\u00ed a pot\u00e9 to dopad\u00e1 tak, \u017ee za\u017e\u00edvaj\u00ed pocit vyho\u0159en\u00ed. Ur\u010dit\u011b nen\u00ed nic p\u0159\u00edjemn\u00e9ho, pokud je \u010dlov\u011bk vyho\u0159el\u00fd a to proto, \u017ee mnohdy nev\u00ed, co m\u00e1 d\u00e1le d\u011blat.Pokud si ale dop\u0159ejete jednou za \u010das odpo\u010dinek, ud\u011bl\u00e1te jen dob\u0159e. Pr\u00e1v\u011b odpo\u010dinek je t\u00edm, co \u010dlov\u011bk nesm\u00ed zanedb\u00e1vat. Ud\u011bl\u00e1te jen dob\u0159e, pokud si dop\u0159ejete chv\u00edli klidu. Uvid\u00edte, \u017ee v\u00e1m to prosp\u011bje. Je dokonce mo\u017en\u00e9, \u017ee se v\u00e1m bude daleko l\u00e9pe p\u0159em\u00fd\u0161let, co\u017e je n\u011bco, co je rozhodn\u011b zapot\u0159eb\u00ed. Vezm\u011bte svou drahou polovi\u010dku n\u011bkam, kde si m\u016f\u017eete spole\u010dn\u011b odpo\u010dinout a str\u00e1vit n\u011bjak\u00fd ten \u010das. Rozhodn\u011b na tom nen\u00ed nic \u0161patn\u00e9ho. Dop\u0159\u00e1t si oddych je n\u011bco, co ka\u017ed\u00fd ocen\u00ed. Dop\u0159ejte si jej i vy, a to co nejd\u0159\u00edve. Sta\u010d\u00ed si jen zarezervovat term\u00edn. Ur\u010dit\u011b n\u011bco takov\u00e9ho bez probl\u00e9m\u016f zvl\u00e1dnete. Je pot\u0159eba jen zavolat a domluvit se. Rezervujte si term\u00edn va\u0161\u00ed relaxace co mo\u017en\u00e1 nejd\u0159\u00edve. Jist\u011b to na konec ocen\u00edte.                                                                                                                                                                                                                                                                                                                                                                                                  "},{"@context":"https:\/\/schema.org\/","@type":"BreadcrumbList","itemListElement":[{"@type":"ListItem","position":1,"name":"Dop\u0159ejte si relax v Beskydech","item":"https:\/\/www.sezob.cz\/doprejte-si-relax-v-beskydech\/#breadcrumbitem"}]}]