[{"@context":"https:\/\/schema.org\/","@type":"Article","@id":"https:\/\/www.sezob.cz\/krasne-pestre-barvy\/#Article","mainEntityOfPage":"https:\/\/www.sezob.cz\/krasne-pestre-barvy\/","headline":"Kr\u00e1sn\u00e9 pestr\u00e9 barvy","name":"Kr\u00e1sn\u00e9 pestr\u00e9 barvy","description":"\u017divot je velik\u00fdm d\u00edlem ur\u010dov\u00e1n prac\u00ed. Proto je pro n\u00e1\u0161 osobn\u00ed pocit pohody nesm\u00edrn\u011b d\u016fle\u017eit\u00e9 vytvo\u0159it si co nejp\u0159\u00edjemn\u011bj\u0161\u00ed prost\u0159ed\u00ed, ve kter\u00e9m svou pr\u00e1ci vykon\u00e1v\u00e1me. I v tomto p\u0159\u00edpad\u011b v\u00e1m mohu pomoci Ob\u00fdvac\u00ed st\u011bny a sestavy z na\u0161eho e-shopu. Vytvo\u0159te si ve sv\u00e9m ob\u00fdvac\u00edm pokoji prostor, ve kter\u00e9m se my\u0161lenky mohou m\u011bnit v \u00fasp\u011bch. Va\u0161e &hellip;<p class=\"read-more\"> <a class=\"\" href=\"https:\/\/www.sezob.cz\/krasne-pestre-barvy\/\"> <span class=\"screen-reader-text\">Kr\u00e1sn\u00e9 pestr\u00e9 barvy<\/span> Read More &raquo;<\/a><\/p>","datePublished":"2025-04-22","dateModified":"2025-04-22","author":{"@type":"Person","@id":"https:\/\/www.sezob.cz\/author\/#Person","name":"","url":"https:\/\/www.sezob.cz\/author\/","identifier":1,"image":{"@type":"ImageObject","@id":"https:\/\/secure.gravatar.com\/avatar\/69bd9b72104e3ccfb6214cbd23cb226f96c6ecf33a2a351fa1d4682235118df3?s=96&d=mm&r=g","url":"https:\/\/secure.gravatar.com\/avatar\/69bd9b72104e3ccfb6214cbd23cb226f96c6ecf33a2a351fa1d4682235118df3?s=96&d=mm&r=g","height":96,"width":96}},"publisher":{"@type":"Organization","name":"sezob.cz","logo":{"@type":"ImageObject","@id":"\/logo.png","url":"\/logo.png","width":600,"height":60}},"url":"https:\/\/www.sezob.cz\/krasne-pestre-barvy\/","wordCount":163,"articleBody":" \u017divot je velik\u00fdm d\u00edlem ur\u010dov\u00e1n prac\u00ed. Proto je pro n\u00e1\u0161 osobn\u00ed pocit pohody nesm\u00edrn\u011b d\u016fle\u017eit\u00e9 vytvo\u0159it si co nejp\u0159\u00edjemn\u011bj\u0161\u00ed prost\u0159ed\u00ed, ve kter\u00e9m svou pr\u00e1ci vykon\u00e1v\u00e1me. I v tomto p\u0159\u00edpad\u011b v\u00e1m mohu pomoci Ob\u00fdvac\u00ed st\u011bny a sestavy z na\u0161eho e-shopu. Vytvo\u0159te si ve sv\u00e9m ob\u00fdvac\u00edm pokoji prostor, ve kter\u00e9m se my\u0161lenky mohou m\u011bnit v \u00fasp\u011bch. Va\u0161e pracovn\u00ed m\u00edsto m\u016f\u017eete stylov\u011b v\u010dlenit do obytn\u00e9ho prostoru s na\u0161imi mistrn\u011b proveden\u00fdmi ob\u00fdvac\u00edmi st\u011bnami a sestavami, kter\u00e9 mohou obsahovat zasklen\u00e9 sk\u0159\u00ed\u0148ky, mistrn\u011b proveden\u00e9 police i psac\u00ed st\u016fl. Nastal \u010das pro nad\u010dasov\u00fd n\u00e1bytek Na\u0161eob\u00fdvac\u00ed st\u011bny a sestavy dopl\u0148te drobn\u00fdmi kousky n\u00e1bytku, sv\u00edtidel, r\u00e1my obraz\u016f a p\u0159\u00edslu\u0161enstv\u00edm, kter\u00e9 bude podn\u011bcuj\u00edc\u00ed pro va\u0161e my\u0161lenky.                                                                                                                                                                                                                                                                                                                                                                                                "},{"@context":"https:\/\/schema.org\/","@type":"BreadcrumbList","itemListElement":[{"@type":"ListItem","position":1,"name":"Kr\u00e1sn\u00e9 pestr\u00e9 barvy","item":"https:\/\/www.sezob.cz\/krasne-pestre-barvy\/#breadcrumbitem"}]}]