[{"@context":"https:\/\/schema.org\/","@type":"Article","@id":"https:\/\/www.sezob.cz\/retro-a-starozitnosti\/#Article","mainEntityOfPage":"https:\/\/www.sezob.cz\/retro-a-starozitnosti\/","headline":"Retro a staro\u017eitnosti","name":"Retro a staro\u017eitnosti","description":"Staro\u017eitn\u00e1 komoda se mi v\u017edycky moc l\u00edbila. Dod\u00e1vala mi toti\u017e pocit klidu a takov\u00e9ho zvl\u00e1\u0161tn\u00edho pocitu. Vedle star\u00fdch a retro v\u011bc\u00ed jsem se c\u00edtila v\u017edy velmi p\u0159\u00edjemn\u011b a myslela jsem na to, jak na\u0161i p\u0159edci \u017eili. Nev\u00edm pro\u010d, ale i kdy\u017e m\u00e1m moc r\u00e1da modern\u00ed za\u0159\u00edzen\u00ed byt\u016f a dom\u016f, tak v\u017edy ale poka\u017ed\u00e9 po\u017eaduji, abych &hellip;<p class=\"read-more\"> <a class=\"\" href=\"https:\/\/www.sezob.cz\/retro-a-starozitnosti\/\"> <span class=\"screen-reader-text\">Retro a staro\u017eitnosti<\/span> Read More &raquo;<\/a><\/p>","datePublished":"2022-03-28","dateModified":"2022-03-28","author":{"@type":"Person","@id":"https:\/\/www.sezob.cz\/author\/#Person","name":"","url":"https:\/\/www.sezob.cz\/author\/","identifier":1,"image":{"@type":"ImageObject","@id":"https:\/\/secure.gravatar.com\/avatar\/69bd9b72104e3ccfb6214cbd23cb226f96c6ecf33a2a351fa1d4682235118df3?s=96&d=mm&r=g","url":"https:\/\/secure.gravatar.com\/avatar\/69bd9b72104e3ccfb6214cbd23cb226f96c6ecf33a2a351fa1d4682235118df3?s=96&d=mm&r=g","height":96,"width":96}},"publisher":{"@type":"Organization","name":"sezob.cz","logo":{"@type":"ImageObject","@id":"\/logo.png","url":"\/logo.png","width":600,"height":60}},"image":{"@type":"ImageObject","@id":"https:\/\/www.sezob.cz\/wp-content\/uploads\/staro%C5%BEitn%C3%A1%20komoda_1.jpg","url":"https:\/\/www.sezob.cz\/wp-content\/uploads\/staro%C5%BEitn%C3%A1%20komoda_1.jpg","height":0,"width":0},"url":"https:\/\/www.sezob.cz\/retro-a-starozitnosti\/","about":["Z\u00e1bava"],"wordCount":480,"articleBody":"       Staro\u017eitn\u00e1 komoda se mi v\u017edycky moc l\u00edbila. Dod\u00e1vala mi toti\u017e pocit klidu a takov\u00e9ho zvl\u00e1\u0161tn\u00edho pocitu. Vedle star\u00fdch a retro v\u011bc\u00ed jsem se c\u00edtila v\u017edy velmi p\u0159\u00edjemn\u011b a myslela jsem na to, jak na\u0161i p\u0159edci \u017eili. Nev\u00edm pro\u010d, ale i kdy\u017e m\u00e1m moc r\u00e1da modern\u00ed za\u0159\u00edzen\u00ed byt\u016f a dom\u016f, tak v\u017edy ale poka\u017ed\u00e9 po\u017eaduji, abych m\u011bla doma alespo\u0148 jednu v\u011bc retro nebo staro\u017eitnou. A proto m\u00e1m hodn\u011b r\u00e1da p\u016fdy. R\u00e1da lezu po p\u016fd\u00e1ch a hled\u00e1m r\u016fzn\u00e9 poklady. A \u017ee jsem jich za ty roky u\u017e na\u0161la! Nikdy nezapomenu na fakt, jak jsem na\u0161la na p\u016fd\u011b helmu. Byla to star\u00e1, mo\u017en\u00e1 snad je\u0161t\u011b za v\u00e1lky. Byla cel\u00e1 poni\u010den\u00e1 a \u0161pinav\u00e1 a j\u00e1 rad\u011bji ani necht\u011bla v\u011bd\u011bt, kdo kdy ji na sob\u011b m\u011bl. Pak jsem ale taky na\u0161la kr\u00e1sn\u00e9 porcel\u00e1nov\u00e9 figurky. Ty moc r\u00e1da nem\u00e1m ale kdy\u017e v\u00edm, \u017ee za\u017eily n\u011bjak\u00fd velmi zaj\u00edmav\u00fd p\u0159\u00edb\u011bh, tak se nad nimi v\u017edy slituji a nech\u00e1m si je. Nikdy nem\u00e1m tu s\u00edlu je vyhodit a zbavit se jich. Nikdy nem\u00e1m ten pocit, \u017ee by staro\u017eitnosti st\u00e1ly za nic. J\u00e1 sama m\u00e1m doma cel\u00fd porcel\u00e1nov\u00fd set je\u0161t\u011b za prvn\u00ed republiky. Moc si ho v\u00e1\u017e\u00edm. Jsem ale moc r\u00e1da, \u017ee je takov\u00fd jedine\u010dn\u00fd a decentn\u00ed. Cel\u00fd kr\u00e1sn\u011b smetanov\u00e9 b\u00edl\u00fd s jemn\u00fdmi zlat\u00fdmi prou\u017eky. Moc se mi l\u00edb\u00ed a m\u00e1m ho p\u011bkn\u011b vystaven\u00fd na chodb\u011b, kde si ho ka\u017ed\u00fd v\u0161imne a taky se hlavn\u011b ka\u017ed\u00e9mu l\u00edb\u00ed. J\u00e1 ani vlastn\u011b nev\u00edm, kdo ten servis pou\u017e\u00edval. Je opravdu hodn\u011b star\u00fd. Moje prababi\u010dka, kter\u00e1 ho kdysi dostala \u0159\u00edk\u00e1, \u017ee j\u00ed byl darov\u00e1n hodnou pan\u00ed. A to je v\u0161e, co se o servisu z porcel\u00e1nu v\u00ed. Je ale hodn\u011b vz\u00e1cn\u00fd, proto\u017ee jsem na n\u011bj m\u011bla u\u017e hodn\u011b kupc\u016f a za vysok\u00e9 pen\u00edze. Nav\u00edc ho taky ode m\u011b cht\u011blo muzeum, \u017ee si ho nech\u00e1 na sv\u00e9 v\u00fdstav\u011b. V\u00edte, r\u00e1da bych opravdu vyhov\u011bla, ale je to dar po prababi\u010dce a ten si chci rozhodn\u011b nechat. Mysl\u00edm, \u017ee ka\u017ed\u00fd by m\u011bl doma m\u00edt to sv\u00e9 jedine\u010dn\u00e9, na kter\u00e9 si d\u00e1v\u00e1 pozor. V\u017edy\u0165 j\u00e1 k tomu je\u0161t\u011b vlastn\u00edm je\u0161t\u011b jednu velkou retro komodu, na kterou jsem taky py\u0161n\u00e1 a m\u00e1m ji r\u00e1da. A pokud v\u00e1s t\u00e9ma zaj\u00edm\u00e1 v\u00edce, pod\u00edvejte se na n\u00e1\u0161 web a vyberte si podle sv\u00e9ho vkusu.                                                                                                                                                                                                                                                                                                                                                                                                  "},{"@context":"https:\/\/schema.org\/","@type":"BreadcrumbList","itemListElement":[{"@type":"ListItem","position":1,"name":"Retro a staro\u017eitnosti","item":"https:\/\/www.sezob.cz\/retro-a-starozitnosti\/#breadcrumbitem"}]}]