[{"@context":"https:\/\/schema.org\/","@type":"Article","@id":"https:\/\/www.sezob.cz\/ubytovani-v-jesenikach-s-detmi\/#Article","mainEntityOfPage":"https:\/\/www.sezob.cz\/ubytovani-v-jesenikach-s-detmi\/","headline":"Ubytov\u00e1n\u00ed v Jesen\u00edk\u00e1ch s d\u011btmi.","name":"Ubytov\u00e1n\u00ed v Jesen\u00edk\u00e1ch s d\u011btmi.","description":"R\u00e1di cestujete a pozn\u00e1v\u00e1te nov\u00e1 m\u00edsta? Nebo se chcete vydat na dovolenou po del\u0161\u00ed dob\u011b? Milujete p\u0159\u00edrodu a hory? Je pravd, \u017ee ka\u017ed\u00fd vyhled\u00e1v\u00e1 jin\u00e9 c\u00edle. Jeden m\u00e1 r\u00e1d ru\u0161n\u00e1 m\u00edsta, pln\u00e1 lid\u00ed, druh\u00fd uv\u00edt\u00e1 sp\u00ed\u0161e klid a pohodu. Jedna rodina je vylo\u017een\u011b samot\u00e1\u0159sk\u00e1 a pot\u0159ebuje sv\u00e9 vlastn\u00ed soukrom\u00ed, jin\u00e9 rodiny vyr\u00e1\u017eej\u00ed na spole\u010dn\u00e9 v\u00fdlety &hellip;<p class=\"read-more\"> <a class=\"\" href=\"https:\/\/www.sezob.cz\/ubytovani-v-jesenikach-s-detmi\/\"> <span class=\"screen-reader-text\">Ubytov\u00e1n\u00ed v Jesen\u00edk\u00e1ch s d\u011btmi.<\/span> Read More &raquo;<\/a><\/p>","datePublished":"2022-09-10","dateModified":"2022-09-10","author":{"@type":"Person","@id":"https:\/\/www.sezob.cz\/author\/#Person","name":"","url":"https:\/\/www.sezob.cz\/author\/","identifier":1,"image":{"@type":"ImageObject","@id":"https:\/\/secure.gravatar.com\/avatar\/69bd9b72104e3ccfb6214cbd23cb226f96c6ecf33a2a351fa1d4682235118df3?s=96&d=mm&r=g","url":"https:\/\/secure.gravatar.com\/avatar\/69bd9b72104e3ccfb6214cbd23cb226f96c6ecf33a2a351fa1d4682235118df3?s=96&d=mm&r=g","height":96,"width":96}},"publisher":{"@type":"Organization","name":"sezob.cz","logo":{"@type":"ImageObject","@id":"\/logo.png","url":"\/logo.png","width":600,"height":60}},"image":{"@type":"ImageObject","@id":"https:\/\/www.sezob.cz\/wp-content\/uploads\/06_1.jpg","url":"https:\/\/www.sezob.cz\/wp-content\/uploads\/06_1.jpg","height":0,"width":0},"url":"https:\/\/www.sezob.cz\/ubytovani-v-jesenikach-s-detmi\/","about":["Slu\u017eby"],"wordCount":413,"articleBody":"       R\u00e1di cestujete a pozn\u00e1v\u00e1te nov\u00e1 m\u00edsta? Nebo se chcete vydat na dovolenou po del\u0161\u00ed dob\u011b? Milujete p\u0159\u00edrodu a hory? Je pravd, \u017ee ka\u017ed\u00fd vyhled\u00e1v\u00e1 jin\u00e9 c\u00edle. Jeden m\u00e1 r\u00e1d ru\u0161n\u00e1 m\u00edsta, pln\u00e1 lid\u00ed, druh\u00fd uv\u00edt\u00e1 sp\u00ed\u0161e klid a pohodu. Jedna rodina je vylo\u017een\u011b samot\u00e1\u0159sk\u00e1 a pot\u0159ebuje sv\u00e9 vlastn\u00ed soukrom\u00ed, jin\u00e9 rodiny vyr\u00e1\u017eej\u00ed na spole\u010dn\u00e9 v\u00fdlety a dovolen\u00e9, kde si u\u017e\u00edvaj\u00ed spole\u010dn\u00e9 z\u00e1bavy.Pokud pat\u0159\u00edte k milovn\u00edk\u016fm p\u0159\u00edrody a velk\u00fdch m\u011bst se sp\u00ed\u0161e stran\u00edte je tu pro v\u00e1s opravdu unik\u00e1tn\u00ed nab\u00eddka. Nez\u00e1le\u017e\u00ed, jestli jste velmi spole\u010densk\u00e1 skupina o v\u00edce rodin\u00e1ch, nebo pouze p\u00e1r, kter\u00fd chce tr\u00e1vit voln\u00e9 chv\u00edle v soukrom\u00ed. Ka\u017ed\u00e9mu se dostane podle jeho po\u017eadavk\u016f. Kouzeln\u00e1 p\u0159\u00edroda Jesen\u00edk\u016f p\u0159iv\u00edt\u00e1 v\u0161echny n\u00e1v\u0161t\u011bvn\u00edky stejn\u011b v\u0159ele.Apartm\u00e1ny maj\u00ed sv\u00e9 vlastn\u00ed vchody, tak\u017ee si m\u016f\u017eete b\u00fdt jisti sv\u00fdm soukrom\u00edm, na druhou stranu ubytov\u00e1n\u00ed s d\u011btmi v Jesen\u00edk\u00e1ch Apartmanymax je vhodn\u00e9 hlavn\u011b pro rodiny. Rodiny s d\u011btmi jsou tu v\u00edce jak v\u00edt\u00e1ny, pro d\u011bti je p\u0159ipraveno z\u00e1zem\u00ed. D\u011btsk\u00e1 post\u00fdlka a \u017eidli\u010dka je samoz\u0159ejmost\u00ed, pro d\u011bti je p\u0159ipravena herni\u010dka, d\u011btsk\u00e9 n\u00e1dob\u00ed a vybaven\u00e1 zahrada. Houpa\u010dky, h\u0159i\u0161t\u011b, r\u016fzn\u00e1 odr\u00e1\u017eedla a m\u00ed\u010de a tak\u00e9 senzomotorick\u00fd chodn\u00edk.Pokud pl\u00e1nujete pobyt s d\u011btmi v zimn\u00edm obdob\u00ed, je na dosah ly\u017ea\u0159sk\u00e9 st\u0159edisko \u010cer\u0165\u00e1k, kter\u00e9 je vhodn\u00e9 pro mal\u00e9 za\u010d\u00e1te\u010dn\u00edky. Dovolen\u00e1 v Jesen\u00edk\u00e1ch v apartm\u00e1nech Max je prost\u011b vhodn\u00e1 pro v\u0161echny v\u011bkov\u00e9 kategorie. Rekreanti s omezenou pohyblivost\u00ed vyu\u017eij\u00ed bezbari\u00e9rov\u00e9ho p\u0159\u00edstupu do apartm\u00e1nu. \u010cekat na v\u00e1s bude apartm\u00e1n vybaven\u00fd kuchy\u0148sk\u00fdm koutem s induk\u010dn\u00ed varnou deskou, lednic\u00ed, k\u00e1vovarem a mikrovlnkou. Koupelna v\u010detn\u011b f\u00e9nu na vlasy a lo\u017enice s ob\u00fdvac\u00edm pokojem vybaven\u00fdm smart televizorem a rohovou sedac\u00ed soupravou. Pokud chcete rezervaci na v\u00e1no\u010dn\u00ed sv\u00e1tky a Silvestra, je t\u0159eba si posp\u00ed\u0161it s rezervac\u00ed, proto\u017ee o apartm\u00e1ny je velk\u00fd z\u00e1jem a budou brzy pln\u011b obsazeny. Byla by \u0161koda tuto p\u0159\u00edle\u017eitost prome\u0161kat.                                                                                                                                                                                                                                                                                                                                                                                                  "},{"@context":"https:\/\/schema.org\/","@type":"BreadcrumbList","itemListElement":[{"@type":"ListItem","position":1,"name":"Ubytov\u00e1n\u00ed v Jesen\u00edk\u00e1ch s d\u011btmi.","item":"https:\/\/www.sezob.cz\/ubytovani-v-jesenikach-s-detmi\/#breadcrumbitem"}]}]